{"id":9977,"date":"2025-03-08T16:39:27","date_gmt":"2025-03-08T16:39:27","guid":{"rendered":"https:\/\/zmilosci.bydgoszcz.pl\/?p=9977"},"modified":"2025-03-13T16:56:09","modified_gmt":"2025-03-13T16:56:09","slug":"concentus-moraviae-moj-pierwszy-morawski-festiwal","status":"publish","type":"post","link":"https:\/\/zmilosci.bydgoszcz.pl\/?p=9977","title":{"rendered":"Concentus Moraviae, m\u00f3j pierwszy morawski festiwal"},"content":{"rendered":"\n<figure class=\"wp-block-image size-large\"><img loading=\"lazy\" decoding=\"async\" width=\"1024\" height=\"538\" src=\"https:\/\/zmilosci.bydgoszcz.pl\/wp-content\/uploads\/2025\/03\/concentus-moraviae-1-1024x538.jpg\" alt=\"\" class=\"wp-image-9982\" srcset=\"https:\/\/zmilosci.bydgoszcz.pl\/wp-content\/uploads\/2025\/03\/concentus-moraviae-1-1024x538.jpg 1024w, https:\/\/zmilosci.bydgoszcz.pl\/wp-content\/uploads\/2025\/03\/concentus-moraviae-1-300x158.jpg 300w, https:\/\/zmilosci.bydgoszcz.pl\/wp-content\/uploads\/2025\/03\/concentus-moraviae-1-768x403.jpg 768w, https:\/\/zmilosci.bydgoszcz.pl\/wp-content\/uploads\/2025\/03\/concentus-moraviae-1-500x263.jpg 500w, https:\/\/zmilosci.bydgoszcz.pl\/wp-content\/uploads\/2025\/03\/concentus-moraviae-1-800x420.jpg 800w, https:\/\/zmilosci.bydgoszcz.pl\/wp-content\/uploads\/2025\/03\/concentus-moraviae-1.jpg 1200w\" sizes=\"auto, (max-width: 1024px) 100vw, 1024px\" \/><\/figure>\n\n\n\n<p class=\"wp-block-paragraph\">Swoje znacie, cudze chwalicie <img loading=\"lazy\" decoding=\"async\" height=\"16\" width=\"16\" alt=\"\ud83d\ude42\" src=\"https:\/\/static.xx.fbcdn.net\/images\/emoji.php\/v9\/t4c\/1\/16\/1f642.png\"><\/p>\n\n\n\n<p class=\"wp-block-paragraph\">Po naszej wrze\u015bniowej rozmowie w Brnie, Michaela Koudelkov\u00e1 przes\u0142a\u0142a mi list\u0119 czeskich festiwali muzyki dawnej. Dzi\u015b kilka s\u0142\u00f3w o pierwszym z nich. Concentus Moraviae.<\/p>\n\n\n\n<p class=\"wp-block-paragraph\">Dlaczego zaczynam od tego? Bo tam pojad\u0119! Ju\u017c w czerwcu <img loading=\"lazy\" decoding=\"async\" height=\"16\" width=\"16\" alt=\"\ud83d\ude42\" src=\"https:\/\/static.xx.fbcdn.net\/images\/emoji.php\/v9\/t4c\/1\/16\/1f642.png\"> Je\u015bli noga pozwoli oczywi\u015bcie. Ale plan ju\u017c jest. Postanowi\u0142em w tym roku po\u0142\u0105czy\u0107 pasj\u0119 do muzyki dawnej z nami\u0119tno\u015bci\u0105 do Czech i Moraw.<\/p>\n\n\n\n<p class=\"wp-block-paragraph\">Pretekst do wyjazdu jest przedni. B\u0119dzie zesp\u00f3\u0142 Nevermind (Anna Besson, Louis Creac\u2019h, Robin Pharo &amp; Jean Rondeau) z Wariacjami Goldbergowskimi Bacha (St\u00e1tn\u00ed z\u00e1mek N\u00e1m\u011b\u0161\u0165 nad Oslavou), Vox Luminis i Lionel Meunier z motetami z Altbachisches Archiv (Z\u00e1mek Moravsk\u00fd Krumlov) i jeszcze raz rezydent tegorocznego festiwalu &#8211; Jean Rondeau z koncertem organowym (sanktuarium K\u0159tiny).<\/p>\n\n\n\n<p class=\"wp-block-paragraph\">Festiwal, kt\u00f3ry w tym roku obchodzi trzydziestolecie, zaprasza go\u015bci do najpi\u0119kniejszych miejsc na Morawach. I tych znanych, wpisanych na list\u0119 UNESCO (Brno, Zdziar nad Sazaw\u0105, Valtice, Lednice) i tych mniej popularnych, ale r\u00f3wnie pi\u0119knych. Jego tematem jest Rondo Festivo, \u015bwi\u0105teczne rondo, w kt\u00f3rym refren b\u0119dzie francuski, a zwrotki flamandzkie i czeskie.<\/p>\n\n\n\n<p class=\"wp-block-paragraph\">Zerknijcie na program Festiwalu. Rozpoczyna si\u0119 31 maja a ko\u0144czy 27 czerwca. Na pewno znajdziecie co\u015b dla siebie. Opr\u00f3cz artyst\u00f3w, kt\u00f3rych ju\u017c wymieni\u0142em b\u0119dzie mo\u017cna pos\u0142ucha\u0107 i innych znakomito\u015bci. Wyst\u0105pi\u0105 mi\u0119dzy innymi Graindelavoix i Bj\u00f6rn Schmelzer, Cappella Mariana, Hana Bla\u017e\u00edkov\u00e1, Daniela \u010cerm\u00e1kov\u00e1,<\/p>\n\n\n\n<p class=\"wp-block-paragraph\">Vojt\u011bch Semer\u00e1d, Tom\u00e1\u0161 Lajtkep, Ond\u0159ej Holub, Jarom\u00edr Nosek, Vojt\u011bch Semer\u00e1d, Tirbutina Ensemble, Les Violons de Bruxelles, Utopia Ensemble, zesp\u00f3\u0142 Currende i Erik Van Nevel, Zefiro Torna i Jurgen De Bruyn, Les Musiciens de Saint-Julien i Fran\u00e7ois Lazarevitch.<\/p>\n\n\n\n<p class=\"wp-block-paragraph\">Bilety s\u0105 ju\u017c dost\u0119pne. Ceny przyst\u0119pne a dojazd na Morawy dogodny. Z Warszawy, Krakowa, Katowic <a href=\"https:\/\/www.facebook.com\/FlixBusInd?__cft__[0]=AZVhBOIg4JTxzvYBP600w2Ce2CjM3x7t6NWUcXWQgi1iyDtoWFDgef9XtIjV0783zsnwCObg1AiMhK4wFgj9LFF81-hqWHrraAwPNIj5i70xQ6IlbAKK8d3ibO85yqfadYNnPlFNVn3_I_d4iXRpLc9z3DeQeAvaQwpCEPqQDa4Bvqa_wo7eaFNxZdeG8YlF1Z3uyEc5pBHRs1AecJKoRrnJ&amp;__tn__=-]K-y-R\">FlixBus<\/a> je\u017adzi do Brna co najmniej kilka razy na dob\u0119. Z Tr\u00f3jmiasta, Bydgoszczy, Poznania, Wroc\u0142awia 4 razy dziennie je\u017adzi Baltic Express. Na stacjach Pardubice albo \u00dast\u00ed nad Orlic\u00ed mo\u017cna przesi\u0105\u015b\u0107 si\u0119 do poci\u0105gu do Brna. Kilkadziesi\u0105t minut. <a href=\"https:\/\/www.facebook.com\/GOtoBRNOcz?__cft__[0]=AZVhBOIg4JTxzvYBP600w2Ce2CjM3x7t6NWUcXWQgi1iyDtoWFDgef9XtIjV0783zsnwCObg1AiMhK4wFgj9LFF81-hqWHrraAwPNIj5i70xQ6IlbAKK8d3ibO85yqfadYNnPlFNVn3_I_d4iXRpLc9z3DeQeAvaQwpCEPqQDa4Bvqa_wo7eaFNxZdeG8YlF1Z3uyEc5pBHRs1AecJKoRrnJ&amp;__tn__=-]K-y-R\">GO to BRNO<\/a>! <a href=\"https:\/\/www.facebook.com\/visitcz?__cft__[0]=AZVhBOIg4JTxzvYBP600w2Ce2CjM3x7t6NWUcXWQgi1iyDtoWFDgef9XtIjV0783zsnwCObg1AiMhK4wFgj9LFF81-hqWHrraAwPNIj5i70xQ6IlbAKK8d3ibO85yqfadYNnPlFNVn3_I_d4iXRpLc9z3DeQeAvaQwpCEPqQDa4Bvqa_wo7eaFNxZdeG8YlF1Z3uyEc5pBHRs1AecJKoRrnJ&amp;__tn__=-]K-y-R\">Visit Czechia<\/a>!<\/p>\n\n\n\n<p class=\"wp-block-paragraph\">A co poza muzyk\u0105? Morawy s\u0105 pi\u0119kne. Mo\u017cna si\u0119 w nich zakocha\u0107. Zajrzyjcie do relacji z moich ubieg\u0142orocznych morawskich podr\u00f3\u017cy&#8230;<\/p>\n\n\n\n<figure class=\"wp-block-embed\"><div class=\"wp-block-embed__wrapper\">\nhttps:\/\/zmilosci.bydgoszcz.pl\/?cat=61\n<\/div><\/figure>\n","protected":false},"excerpt":{"rendered":"<p>Swoje znacie, cudze chwalicie Po naszej wrze\u015bniowej rozmowie w Brnie, Michaela Koudelkov\u00e1 przes\u0142a\u0142a mi list\u0119 czeskich festiwali muzyki dawnej. Dzi\u015b kilka s\u0142\u00f3w o pierwszym z nich. Concentus Moraviae. Dlaczego zaczynam od tego? Bo tam pojad\u0119! Ju\u017c w czerwcu Je\u015bli noga pozwoli oczywi\u015bcie. Ale plan ju\u017c jest. Postanowi\u0142em w tym roku po\u0142\u0105czy\u0107 pasj\u0119 do muzyki dawnej z nami\u0119tno\u015bci\u0105 do Czech i &hellip; <a href=\"https:\/\/zmilosci.bydgoszcz.pl\/?p=9977\" class=\"more-link\"><span>czytaj dalej<span class=\"screen-reader-text\">Concentus Moraviae, m\u00f3j pierwszy morawski festiwal<\/span><\/span><\/a><\/p>\n","protected":false},"author":1,"featured_media":9981,"comment_status":"open","ping_status":"open","sticky":false,"template":"","format":"standard","meta":{"_vp_format_video_url":"","_vp_image_focal_point":[],"footnotes":""},"categories":[91],"tags":[],"class_list":["post-9977","post","type-post","status-publish","format-standard","has-post-thumbnail","hentry","category-republika-czeska"],"_links":{"self":[{"href":"https:\/\/zmilosci.bydgoszcz.pl\/index.php?rest_route=\/wp\/v2\/posts\/9977","targetHints":{"allow":["GET"]}}],"collection":[{"href":"https:\/\/zmilosci.bydgoszcz.pl\/index.php?rest_route=\/wp\/v2\/posts"}],"about":[{"href":"https:\/\/zmilosci.bydgoszcz.pl\/index.php?rest_route=\/wp\/v2\/types\/post"}],"author":[{"embeddable":true,"href":"https:\/\/zmilosci.bydgoszcz.pl\/index.php?rest_route=\/wp\/v2\/users\/1"}],"replies":[{"embeddable":true,"href":"https:\/\/zmilosci.bydgoszcz.pl\/index.php?rest_route=%2Fwp%2Fv2%2Fcomments&post=9977"}],"version-history":[{"count":2,"href":"https:\/\/zmilosci.bydgoszcz.pl\/index.php?rest_route=\/wp\/v2\/posts\/9977\/revisions"}],"predecessor-version":[{"id":9984,"href":"https:\/\/zmilosci.bydgoszcz.pl\/index.php?rest_route=\/wp\/v2\/posts\/9977\/revisions\/9984"}],"wp:featuredmedia":[{"embeddable":true,"href":"https:\/\/zmilosci.bydgoszcz.pl\/index.php?rest_route=\/wp\/v2\/media\/9981"}],"wp:attachment":[{"href":"https:\/\/zmilosci.bydgoszcz.pl\/index.php?rest_route=%2Fwp%2Fv2%2Fmedia&parent=9977"}],"wp:term":[{"taxonomy":"category","embeddable":true,"href":"https:\/\/zmilosci.bydgoszcz.pl\/index.php?rest_route=%2Fwp%2Fv2%2Fcategories&post=9977"},{"taxonomy":"post_tag","embeddable":true,"href":"https:\/\/zmilosci.bydgoszcz.pl\/index.php?rest_route=%2Fwp%2Fv2%2Ftags&post=9977"}],"curies":[{"name":"wp","href":"https:\/\/api.w.org\/{rel}","templated":true}]}}